{"id":490,"date":"2022-11-21T22:17:08","date_gmt":"2022-11-21T21:17:08","guid":{"rendered":"https:\/\/jardininterieur.com\/?p=490"},"modified":"2023-05-04T18:04:38","modified_gmt":"2023-05-04T16:04:38","slug":"balade-contee-a-merignac","status":"publish","type":"post","link":"https:\/\/jardininterieur.com\/?p=490","title":{"rendered":"Balade cont\u00e9e  \u00e0 M\u00e9rignac"},"content":{"rendered":"\t\t<div data-elementor-type=\"wp-post\" data-elementor-id=\"490\" class=\"elementor elementor-490\">\n\t\t\t\t\t\t\t\t\t<section class=\"elementor-section elementor-top-section elementor-element elementor-element-4b421585 elementor-section-full_width elementor-section-height-default elementor-section-height-default\" data-id=\"4b421585\" data-element_type=\"section\">\n\t\t\t\t\t\t<div class=\"elementor-container elementor-column-gap-default\">\n\t\t\t\t\t<div class=\"elementor-column elementor-col-100 elementor-top-column elementor-element elementor-element-9ab1f3a\" data-id=\"9ab1f3a\" data-element_type=\"column\">\n\t\t\t<div class=\"elementor-widget-wrap elementor-element-populated\">\n\t\t\t\t\t\t\t\t<div class=\"elementor-element elementor-element-e8eee2e elementor-widget elementor-widget-heading\" data-id=\"e8eee2e\" data-element_type=\"widget\" data-widget_type=\"heading.default\">\n\t\t\t\t<div class=\"elementor-widget-container\">\n\t\t\t<style>\/*! elementor - v3.12.2 - 23-04-2023 *\/\n.elementor-heading-title{padding:0;margin:0;line-height:1}.elementor-widget-heading .elementor-heading-title[class*=elementor-size-]>a{color:inherit;font-size:inherit;line-height:inherit}.elementor-widget-heading .elementor-heading-title.elementor-size-small{font-size:15px}.elementor-widget-heading .elementor-heading-title.elementor-size-medium{font-size:19px}.elementor-widget-heading .elementor-heading-title.elementor-size-large{font-size:29px}.elementor-widget-heading .elementor-heading-title.elementor-size-xl{font-size:39px}.elementor-widget-heading .elementor-heading-title.elementor-size-xxl{font-size:59px}<\/style><h2 class=\"elementor-heading-title elementor-size-default\">balade cont\u00e9e 26-27 novembre 2022<\/h2>\t\t<\/div>\n\t\t\t\t<\/div>\n\t\t\t\t<div class=\"elementor-element elementor-element-20340f7e elementor-widget elementor-widget-heading\" data-id=\"20340f7e\" data-element_type=\"widget\" data-widget_type=\"heading.default\">\n\t\t\t\t<div class=\"elementor-widget-container\">\n\t\t\t<h3 class=\"elementor-heading-title elementor-size-default\">BALADE AVEC JO\u00cbL NIEMMAN,\nNOTRE CONTEUR ATYPIQUE<\/h3>\t\t<\/div>\n\t\t\t\t<\/div>\n\t\t\t\t<div class=\"elementor-element elementor-element-1903ab54 elementor-widget elementor-widget-text-editor\" data-id=\"1903ab54\" data-element_type=\"widget\" data-widget_type=\"text-editor.default\">\n\t\t\t\t<div class=\"elementor-widget-container\">\n\t\t\t<style>\/*! elementor - v3.12.2 - 23-04-2023 *\/\n.elementor-widget-text-editor.elementor-drop-cap-view-stacked .elementor-drop-cap{background-color:#69727d;color:#fff}.elementor-widget-text-editor.elementor-drop-cap-view-framed .elementor-drop-cap{color:#69727d;border:3px solid;background-color:transparent}.elementor-widget-text-editor:not(.elementor-drop-cap-view-default) .elementor-drop-cap{margin-top:8px}.elementor-widget-text-editor:not(.elementor-drop-cap-view-default) .elementor-drop-cap-letter{width:1em;height:1em}.elementor-widget-text-editor .elementor-drop-cap{float:left;text-align:center;line-height:1;font-size:50px}.elementor-widget-text-editor .elementor-drop-cap-letter{display:inline-block}<\/style>\t\t\t\t<p style=\"text-align: center;\"><span class=\"markedContent\" id=\"page41R_mcid294\"><span role=\"presentation\" dir=\"ltr\">Jo\u00ebl Niemann, passionn\u00e9 de nature, vous<\/span><\/span><span class=\"markedContent\" id=\"page41R_mcid295\"><br role=\"presentation\" \/><span role=\"presentation\" dir=\"ltr\">propose de retrouver votre \u00e2me d\u2019enfant<\/span><\/span><span class=\"markedContent\" id=\"page41R_mcid296\"> <span role=\"presentation\" dir=\"ltr\">en venant \u00e9couter contes et l\u00e9gendes<\/span><\/span><span class=\"markedContent\" id=\"page41R_mcid297\"><br role=\"presentation\" \/><span role=\"presentation\" dir=\"ltr\">autour de l\u2019arbre, loin des \u00e9crans<\/span><\/span><span class=\"markedContent\" id=\"page41R_mcid298\"><br role=\"presentation\" \/><span role=\"presentation\" dir=\"ltr\">et<\/span><span class=\"markedContent\"><\/span><span role=\"presentation\" dir=\"ltr\"> <\/span><span role=\"presentation\" dir=\"ltr\">de<\/span><span class=\"markedContent\"><\/span><span role=\"presentation\" dir=\"ltr\"> <\/span><span role=\"presentation\" dir=\"ltr\">l\u2019agitation quotidienne.<\/span><\/span><\/p>\n<p><!-- wp:paragraph --><!-- \/wp:paragraph --><\/p>\t\t\t\t\t\t<\/div>\n\t\t\t\t<\/div>\n\t\t\t\t<div class=\"elementor-element elementor-element-241643 elementor-invisible elementor-widget elementor-widget-text-editor\" data-id=\"241643\" data-element_type=\"widget\" data-settings=\"{&quot;_animation&quot;:&quot;bounceIn&quot;}\" data-widget_type=\"text-editor.default\">\n\t\t\t\t<div class=\"elementor-widget-container\">\n\t\t\t\t\t\t\t<p style=\"text-align: center;\"><em><span class=\"markedContent\" id=\"page41R_mcid299\"><span role=\"presentation\" dir=\"ltr\">Deux balades GRATUITES possibles :<\/span><\/span><\/em><\/p>\t\t\t\t\t\t<\/div>\n\t\t\t\t<\/div>\n\t\t\t\t\t<\/div>\n\t\t<\/div>\n\t\t\t\t\t\t\t<\/div>\n\t\t<\/section>\n\t\t\t\t<section class=\"elementor-section elementor-top-section elementor-element elementor-element-79be9be9 elementor-section-boxed elementor-section-height-default elementor-section-height-default\" data-id=\"79be9be9\" data-element_type=\"section\">\n\t\t\t\t\t\t<div class=\"elementor-container elementor-column-gap-default\">\n\t\t\t\t\t<div class=\"elementor-column elementor-col-50 elementor-top-column elementor-element elementor-element-1e617fef\" data-id=\"1e617fef\" data-element_type=\"column\">\n\t\t\t<div class=\"elementor-widget-wrap elementor-element-populated\">\n\t\t\t\t\t\t\t\t<div class=\"elementor-element elementor-element-51e359fa elementor-widget elementor-widget-image\" data-id=\"51e359fa\" data-element_type=\"widget\" data-widget_type=\"image.default\">\n\t\t\t\t<div class=\"elementor-widget-container\">\n\t\t\t<style>\/*! elementor - v3.12.2 - 23-04-2023 *\/\n.elementor-widget-image{text-align:center}.elementor-widget-image a{display:inline-block}.elementor-widget-image a img[src$=\".svg\"]{width:48px}.elementor-widget-image img{vertical-align:middle;display:inline-block}<\/style>\t\t\t\t\t\t\t\t\t\t\t\t<img loading=\"lazy\" decoding=\"async\" width=\"750\" height=\"1000\" src=\"https:\/\/jardininterieur.com\/wp-content\/uploads\/2022\/10\/foret-2.jpeg\" class=\"attachment-large size-large wp-image-156\" alt=\"\" srcset=\"https:\/\/jardininterieur.com\/wp-content\/uploads\/2022\/10\/foret-2.jpeg 768w, https:\/\/jardininterieur.com\/wp-content\/uploads\/2022\/10\/foret-2-225x300.jpeg 225w\" sizes=\"(max-width: 750px) 100vw, 750px\" \/>\t\t\t\t\t\t\t\t\t\t\t\t\t\t\t<\/div>\n\t\t\t\t<\/div>\n\t\t\t\t<div class=\"elementor-element elementor-element-6cefcc32 elementor-widget elementor-widget-image\" data-id=\"6cefcc32\" data-element_type=\"widget\" data-widget_type=\"image.default\">\n\t\t\t\t<div class=\"elementor-widget-container\">\n\t\t\t\t\t\t\t\t\t\t\t\t\t\t\t<img loading=\"lazy\" decoding=\"async\" width=\"750\" height=\"563\" src=\"https:\/\/jardininterieur.com\/wp-content\/uploads\/2022\/11\/IMG_0851-1024x768.jpeg\" class=\"attachment-large size-large wp-image-425\" alt=\"\" srcset=\"https:\/\/jardininterieur.com\/wp-content\/uploads\/2022\/11\/IMG_0851-1024x768.jpeg 1024w, https:\/\/jardininterieur.com\/wp-content\/uploads\/2022\/11\/IMG_0851-300x225.jpeg 300w, https:\/\/jardininterieur.com\/wp-content\/uploads\/2022\/11\/IMG_0851-768x576.jpeg 768w, https:\/\/jardininterieur.com\/wp-content\/uploads\/2022\/11\/IMG_0851-1536x1152.jpeg 1536w, https:\/\/jardininterieur.com\/wp-content\/uploads\/2022\/11\/IMG_0851-2048x1536.jpeg 2048w\" sizes=\"(max-width: 750px) 100vw, 750px\" \/>\t\t\t\t\t\t\t\t\t\t\t\t\t\t\t<\/div>\n\t\t\t\t<\/div>\n\t\t\t\t\t<\/div>\n\t\t<\/div>\n\t\t\t\t<div class=\"elementor-column elementor-col-50 elementor-top-column elementor-element elementor-element-dc8b7e3\" data-id=\"dc8b7e3\" data-element_type=\"column\">\n\t\t\t<div class=\"elementor-widget-wrap elementor-element-populated\">\n\t\t\t\t\t\t\t\t<div class=\"elementor-element elementor-element-770a1892 elementor-widget elementor-widget-text-editor\" data-id=\"770a1892\" data-element_type=\"widget\" data-widget_type=\"text-editor.default\">\n\t\t\t\t<div class=\"elementor-widget-container\">\n\t\t\t\t\t\t\t<ul><li>De <strong>11h \u00e0 12h, rendez-vous au Parc<\/strong><br \/><strong>du Vivier<\/strong>, rendez-vous dans le parc de\u00a0 la mairie, \u00e0 l\u2019accueil, pr\u00e8s des jets d\u2019eau<\/li><li>De <strong>15h \u00e0 16h30, rendez-vous devant la Maison du V\u00e9lo<\/strong>, rue Jean Veyri, \u00e0 c\u00f4t\u00e9 du centre de loisirs du Parc et du conservatoire<br \/>Tout public &#8211; 20 places max. pour chaque balade<\/li><\/ul>\t\t\t\t\t\t<\/div>\n\t\t\t\t<\/div>\n\t\t\t\t\t<\/div>\n\t\t<\/div>\n\t\t\t\t\t\t\t<\/div>\n\t\t<\/section>\n\t\t\t\t<section class=\"elementor-section elementor-top-section elementor-element elementor-element-5b063518 elementor-section-boxed elementor-section-height-default elementor-section-height-default\" data-id=\"5b063518\" data-element_type=\"section\">\n\t\t\t\t\t\t<div class=\"elementor-container elementor-column-gap-default\">\n\t\t\t\t\t<div class=\"elementor-column elementor-col-100 elementor-top-column elementor-element elementor-element-4835a33d\" data-id=\"4835a33d\" data-element_type=\"column\">\n\t\t\t<div class=\"elementor-widget-wrap elementor-element-populated\">\n\t\t\t\t\t\t\t\t<div class=\"elementor-element elementor-element-4e70db34 elementor-widget elementor-widget-text-editor\" data-id=\"4e70db34\" data-element_type=\"widget\" data-widget_type=\"text-editor.default\">\n\t\t\t\t<div class=\"elementor-widget-container\">\n\t\t\t\t\t\t\t<p style=\"text-align: center;\"><strong><span class=\"markedContent\" id=\"page41R_mcid315\"><span role=\"presentation\" dir=\"ltr\">Sur inscription :<\/span><\/span><span class=\"markedContent\" id=\"page41R_mcid316\"><span role=\"presentation\" dir=\"ltr\"> <\/span><span role=\"presentation\" dir=\"ltr\">agenda21@merignac.com<\/span><\/span><\/strong><\/p><p style=\"text-align: center;\"><a href=\"https:\/\/www.bordeaux-metropole.fr\/Actualites\/\"><span style=\"color: #000000;\">https:\/\/www.bordeaux-metropole.fr\/Actualites\/<\/span><\/a><\/p><p style=\"text-align: center;\">file:\/\/\/Users\/joel\/Downloads\/programme-arbre-en-fete.pdf<\/p>\t\t\t\t\t\t<\/div>\n\t\t\t\t<\/div>\n\t\t\t\t\t<\/div>\n\t\t<\/div>\n\t\t\t\t\t\t\t<\/div>\n\t\t<\/section>\n\t\t\t\t<section class=\"elementor-section elementor-top-section elementor-element elementor-element-18938927 elementor-section-boxed elementor-section-height-default elementor-section-height-default\" data-id=\"18938927\" data-element_type=\"section\">\n\t\t\t\t\t\t<div class=\"elementor-container elementor-column-gap-default\">\n\t\t\t\t\t<div class=\"elementor-column elementor-col-100 elementor-top-column elementor-element elementor-element-5d2158f3\" data-id=\"5d2158f3\" data-element_type=\"column\" data-settings=\"{&quot;background_background&quot;:&quot;classic&quot;}\">\n\t\t\t<div class=\"elementor-widget-wrap elementor-element-populated\">\n\t\t\t\t\t\t\t\t<div class=\"elementor-element elementor-element-eee904 elementor-widget elementor-widget-text-editor\" data-id=\"eee904\" data-element_type=\"widget\" data-widget_type=\"text-editor.default\">\n\t\t\t\t<div class=\"elementor-widget-container\">\n\t\t\t\t\t\t\t<p style=\"text-align: center;\"><em>Vous d\u00e9sirez organiser votre balade cont\u00e9e?<\/em><\/p>\t\t\t\t\t\t<\/div>\n\t\t\t\t<\/div>\n\t\t\t\t<div class=\"elementor-element elementor-element-2af1e26b elementor-align-center elementor-invisible elementor-widget elementor-widget-button\" data-id=\"2af1e26b\" data-element_type=\"widget\" data-settings=\"{&quot;_animation&quot;:&quot;tada&quot;}\" data-widget_type=\"button.default\">\n\t\t\t\t<div class=\"elementor-widget-container\">\n\t\t\t\t\t<div class=\"elementor-button-wrapper\">\n\t\t\t<a href=\"https:\/\/jardininterieur.com\/?page_id=319\" class=\"elementor-button-link elementor-button elementor-size-sm\" role=\"button\">\n\t\t\t\t\t\t<span class=\"elementor-button-content-wrapper\">\n\t\t\t\t\t\t<span class=\"elementor-button-text\">C'est par ici...<\/span>\n\t\t<\/span>\n\t\t\t\t\t<\/a>\n\t\t<\/div>\n\t\t\t\t<\/div>\n\t\t\t\t<\/div>\n\t\t\t\t\t<\/div>\n\t\t<\/div>\n\t\t\t\t\t\t\t<\/div>\n\t\t<\/section>\n\t\t\t\t\t\t\t<\/div>\n\t\t","protected":false},"excerpt":{"rendered":"<p>balade cont\u00e9e 26-27 novembre 2022 BALADE AVEC JO\u00cbL NIEMMAN, NOTRE CONTEUR ATYPIQUE Jo\u00ebl Niemann, passionn\u00e9 de nature, vouspropose de retrouver votre \u00e2me d\u2019enfant en venant \u00e9couter contes et l\u00e9gendesautour de l\u2019arbre, loin des \u00e9cranset de l\u2019agitation quotidienne. Deux balades GRATUITES possibles : De 11h \u00e0 12h, rendez-vous au Parcdu Vivier, [&hellip;]<\/p>\n","protected":false},"author":1,"featured_media":525,"comment_status":"open","ping_status":"open","sticky":false,"template":"","format":"standard","meta":{"footnotes":""},"categories":[4],"tags":[],"_links":{"self":[{"href":"https:\/\/jardininterieur.com\/index.php?rest_route=\/wp\/v2\/posts\/490"}],"collection":[{"href":"https:\/\/jardininterieur.com\/index.php?rest_route=\/wp\/v2\/posts"}],"about":[{"href":"https:\/\/jardininterieur.com\/index.php?rest_route=\/wp\/v2\/types\/post"}],"author":[{"embeddable":true,"href":"https:\/\/jardininterieur.com\/index.php?rest_route=\/wp\/v2\/users\/1"}],"replies":[{"embeddable":true,"href":"https:\/\/jardininterieur.com\/index.php?rest_route=%2Fwp%2Fv2%2Fcomments&post=490"}],"version-history":[{"count":24,"href":"https:\/\/jardininterieur.com\/index.php?rest_route=\/wp\/v2\/posts\/490\/revisions"}],"predecessor-version":[{"id":539,"href":"https:\/\/jardininterieur.com\/index.php?rest_route=\/wp\/v2\/posts\/490\/revisions\/539"}],"wp:featuredmedia":[{"embeddable":true,"href":"https:\/\/jardininterieur.com\/index.php?rest_route=\/wp\/v2\/media\/525"}],"wp:attachment":[{"href":"https:\/\/jardininterieur.com\/index.php?rest_route=%2Fwp%2Fv2%2Fmedia&parent=490"}],"wp:term":[{"taxonomy":"category","embeddable":true,"href":"https:\/\/jardininterieur.com\/index.php?rest_route=%2Fwp%2Fv2%2Fcategories&post=490"},{"taxonomy":"post_tag","embeddable":true,"href":"https:\/\/jardininterieur.com\/index.php?rest_route=%2Fwp%2Fv2%2Ftags&post=490"}],"curies":[{"name":"wp","href":"https:\/\/api.w.org\/{rel}","templated":true}]}}